{"id":5568,"date":"2026-04-22T12:53:27","date_gmt":"2026-04-22T10:53:27","guid":{"rendered":"https:\/\/galileo.energy\/?p=5568"},"modified":"2026-04-23T10:58:06","modified_gmt":"2026-04-23T08:58:06","slug":"galileo-pone-en-marcha-su-primer-proyecto-solar-en-italia","status":"publish","type":"post","link":"https:\/\/galileo.energy\/es\/galileo-pone-en-marcha-su-primer-proyecto-solar-en-italia\/","title":{"rendered":"Galileo pone en marcha su primer proyecto solar en Italia"},"content":{"rendered":"\n<section class=\"paragraph container \">\n    <p><p><strong>Z\u00farich\/Mil\u00e1n, 23 de abril de 2026.<\/strong> Galileo ha puesto en marcha con \u00e9xito su primera planta solar italiana en Leno, situada en la regi\u00f3n de Lombard\u00eda, al norte de Italia. La planta, que ya est\u00e1 plenamente operativa, supone un hito para la cartera de proyectos de la empresa en Italia, que supera los 3 GW, y marca el inicio de su presencia operativa en la regi\u00f3n.<\/p>\n<p>Para m\u00e1s detalles, consulte el Comunicado de Prensa:<\/p>\n<p><a href=\"https:\/\/galileo.energy\/wp-content\/uploads\/2026\/04\/2026-04-23_GGE-PR-Leno-ES.pdf\">2026.04.23_GGE_PR_Proyecto Solar Leno<\/a><\/p>\n<\/p>\n<\/section> ","protected":false},"excerpt":{"rendered":"","protected":false},"author":12,"featured_media":5556,"comment_status":"closed","ping_status":"closed","sticky":true,"template":"","format":"standard","meta":{"_acf_changed":false,"footnotes":""},"categories":[34],"tags":[],"acf":[],"yoast_head":"<!-- This site is optimized with the Yoast SEO plugin v23.0 - https:\/\/yoast.com\/wordpress\/plugins\/seo\/ -->\n<title>Galileo pone en marcha su primer proyecto solar en Italia | Galileo Green Energy<\/title>\n<meta name=\"robots\" content=\"index, follow, max-snippet:-1, max-image-preview:large, max-video-preview:-1\" \/>\n<link rel=\"canonical\" href=\"https:\/\/galileo.energy\/es\/galileo-pone-en-marcha-su-primer-proyecto-solar-en-italia\/\" \/>\n<meta property=\"og:locale\" content=\"es_ES\" \/>\n<meta property=\"og:type\" content=\"article\" \/>\n<meta property=\"og:title\" content=\"Galileo pone en marcha su primer proyecto solar en Italia | Galileo Green Energy\" \/>\n<meta property=\"og:url\" content=\"https:\/\/galileo.energy\/es\/galileo-pone-en-marcha-su-primer-proyecto-solar-en-italia\/\" \/>\n<meta property=\"og:site_name\" content=\"Galileo Green Energy\" \/>\n<meta property=\"article:published_time\" content=\"2026-04-22T10:53:27+00:00\" \/>\n<meta property=\"article:modified_time\" content=\"2026-04-23T08:58:06+00:00\" \/>\n<meta property=\"og:image\" content=\"https:\/\/galileo.energy\/wp-content\/uploads\/2026\/04\/foto-01-1024x683.png\" \/>\n\t<meta property=\"og:image:width\" content=\"1024\" \/>\n\t<meta property=\"og:image:height\" content=\"683\" \/>\n\t<meta property=\"og:image:type\" content=\"image\/png\" \/>\n<meta name=\"author\" content=\"Simona Spaans\" \/>\n<meta name=\"twitter:card\" content=\"summary_large_image\" \/>\n<meta name=\"twitter:label1\" content=\"Escrito por\" \/>\n\t<meta name=\"twitter:data1\" content=\"Simona Spaans\" \/>\n\t<meta name=\"twitter:label2\" content=\"Tiempo de lectura\" \/>\n\t<meta name=\"twitter:data2\" content=\"1 minuto\" \/>\n<script type=\"application\/ld+json\" class=\"yoast-schema-graph\">{\"@context\":\"https:\/\/schema.org\",\"@graph\":[{\"@type\":\"Article\",\"@id\":\"https:\/\/galileo.energy\/es\/galileo-pone-en-marcha-su-primer-proyecto-solar-en-italia\/#article\",\"isPartOf\":{\"@id\":\"https:\/\/galileo.energy\/es\/galileo-pone-en-marcha-su-primer-proyecto-solar-en-italia\/\"},\"author\":{\"name\":\"Simona Spaans\",\"@id\":\"https:\/\/galileo.energy\/es\/#\/schema\/person\/9bad1f4f47252fc9132dd32a3275e902\"},\"headline\":\"Galileo pone en marcha su primer proyecto solar en Italia\",\"datePublished\":\"2026-04-22T10:53:27+00:00\",\"dateModified\":\"2026-04-23T08:58:06+00:00\",\"mainEntityOfPage\":{\"@id\":\"https:\/\/galileo.energy\/es\/galileo-pone-en-marcha-su-primer-proyecto-solar-en-italia\/\"},\"wordCount\":10,\"publisher\":{\"@id\":\"https:\/\/galileo.energy\/es\/#organization\"},\"image\":{\"@id\":\"https:\/\/galileo.energy\/es\/galileo-pone-en-marcha-su-primer-proyecto-solar-en-italia\/#primaryimage\"},\"thumbnailUrl\":\"https:\/\/galileo.energy\/wp-content\/uploads\/2026\/04\/foto-01.png\",\"articleSection\":[\"COMUNICADO DE PRENSA\"],\"inLanguage\":\"es\"},{\"@type\":\"WebPage\",\"@id\":\"https:\/\/galileo.energy\/es\/galileo-pone-en-marcha-su-primer-proyecto-solar-en-italia\/\",\"url\":\"https:\/\/galileo.energy\/es\/galileo-pone-en-marcha-su-primer-proyecto-solar-en-italia\/\",\"name\":\"Galileo pone en marcha su primer proyecto solar en Italia | Galileo Green Energy\",\"isPartOf\":{\"@id\":\"https:\/\/galileo.energy\/es\/#website\"},\"primaryImageOfPage\":{\"@id\":\"https:\/\/galileo.energy\/es\/galileo-pone-en-marcha-su-primer-proyecto-solar-en-italia\/#primaryimage\"},\"image\":{\"@id\":\"https:\/\/galileo.energy\/es\/galileo-pone-en-marcha-su-primer-proyecto-solar-en-italia\/#primaryimage\"},\"thumbnailUrl\":\"https:\/\/galileo.energy\/wp-content\/uploads\/2026\/04\/foto-01.png\",\"datePublished\":\"2026-04-22T10:53:27+00:00\",\"dateModified\":\"2026-04-23T08:58:06+00:00\",\"breadcrumb\":{\"@id\":\"https:\/\/galileo.energy\/es\/galileo-pone-en-marcha-su-primer-proyecto-solar-en-italia\/#breadcrumb\"},\"inLanguage\":\"es\",\"potentialAction\":[{\"@type\":\"ReadAction\",\"target\":[\"https:\/\/galileo.energy\/es\/galileo-pone-en-marcha-su-primer-proyecto-solar-en-italia\/\"]}]},{\"@type\":\"ImageObject\",\"inLanguage\":\"es\",\"@id\":\"https:\/\/galileo.energy\/es\/galileo-pone-en-marcha-su-primer-proyecto-solar-en-italia\/#primaryimage\",\"url\":\"https:\/\/galileo.energy\/wp-content\/uploads\/2026\/04\/foto-01.png\",\"contentUrl\":\"https:\/\/galileo.energy\/wp-content\/uploads\/2026\/04\/foto-01.png\",\"width\":1536,\"height\":1024},{\"@type\":\"BreadcrumbList\",\"@id\":\"https:\/\/galileo.energy\/es\/galileo-pone-en-marcha-su-primer-proyecto-solar-en-italia\/#breadcrumb\",\"itemListElement\":[{\"@type\":\"ListItem\",\"position\":1,\"name\":\"Home\",\"item\":\"https:\/\/galileo.energy\/es\/\"},{\"@type\":\"ListItem\",\"position\":2,\"name\":\"Galileo pone en marcha su primer proyecto solar en Italia\"}]},{\"@type\":\"WebSite\",\"@id\":\"https:\/\/galileo.energy\/es\/#website\",\"url\":\"https:\/\/galileo.energy\/es\/\",\"name\":\"Galileo Green Energy\",\"description\":\"\",\"publisher\":{\"@id\":\"https:\/\/galileo.energy\/es\/#organization\"},\"potentialAction\":[{\"@type\":\"SearchAction\",\"target\":{\"@type\":\"EntryPoint\",\"urlTemplate\":\"https:\/\/galileo.energy\/es\/?s={search_term_string}\"},\"query-input\":\"required name=search_term_string\"}],\"inLanguage\":\"es\"},{\"@type\":\"Organization\",\"@id\":\"https:\/\/galileo.energy\/es\/#organization\",\"name\":\"Galileo\",\"url\":\"https:\/\/galileo.energy\/es\/\",\"logo\":{\"@type\":\"ImageObject\",\"inLanguage\":\"es\",\"@id\":\"https:\/\/galileo.energy\/es\/#\/schema\/logo\/image\/\",\"url\":\"https:\/\/galileo.energy\/wp-content\/uploads\/2022\/07\/Galileo-Branding.png\",\"contentUrl\":\"https:\/\/galileo.energy\/wp-content\/uploads\/2022\/07\/Galileo-Branding.png\",\"width\":885,\"height\":453,\"caption\":\"Galileo\"},\"image\":{\"@id\":\"https:\/\/galileo.energy\/es\/#\/schema\/logo\/image\/\"}},{\"@type\":\"Person\",\"@id\":\"https:\/\/galileo.energy\/es\/#\/schema\/person\/9bad1f4f47252fc9132dd32a3275e902\",\"name\":\"Simona Spaans\",\"image\":{\"@type\":\"ImageObject\",\"inLanguage\":\"es\",\"@id\":\"https:\/\/galileo.energy\/es\/#\/schema\/person\/image\/\",\"url\":\"https:\/\/secure.gravatar.com\/avatar\/a397745445e6c39c2c9ca2c68a4c8110?s=96&d=mm&r=g\",\"contentUrl\":\"https:\/\/secure.gravatar.com\/avatar\/a397745445e6c39c2c9ca2c68a4c8110?s=96&d=mm&r=g\",\"caption\":\"Simona Spaans\"}}]}<\/script>\n<!-- \/ Yoast SEO plugin. -->","yoast_head_json":{"title":"Galileo pone en marcha su primer proyecto solar en Italia | Galileo Green Energy","robots":{"index":"index","follow":"follow","max-snippet":"max-snippet:-1","max-image-preview":"max-image-preview:large","max-video-preview":"max-video-preview:-1"},"canonical":"https:\/\/galileo.energy\/es\/galileo-pone-en-marcha-su-primer-proyecto-solar-en-italia\/","og_locale":"es_ES","og_type":"article","og_title":"Galileo pone en marcha su primer proyecto solar en Italia | Galileo Green Energy","og_url":"https:\/\/galileo.energy\/es\/galileo-pone-en-marcha-su-primer-proyecto-solar-en-italia\/","og_site_name":"Galileo Green Energy","article_published_time":"2026-04-22T10:53:27+00:00","article_modified_time":"2026-04-23T08:58:06+00:00","og_image":[{"width":1024,"height":683,"url":"https:\/\/galileo.energy\/wp-content\/uploads\/2026\/04\/foto-01-1024x683.png","type":"image\/png"}],"author":"Simona Spaans","twitter_card":"summary_large_image","twitter_misc":{"Escrito por":"Simona Spaans","Tiempo de lectura":"1 minuto"},"schema":{"@context":"https:\/\/schema.org","@graph":[{"@type":"Article","@id":"https:\/\/galileo.energy\/es\/galileo-pone-en-marcha-su-primer-proyecto-solar-en-italia\/#article","isPartOf":{"@id":"https:\/\/galileo.energy\/es\/galileo-pone-en-marcha-su-primer-proyecto-solar-en-italia\/"},"author":{"name":"Simona Spaans","@id":"https:\/\/galileo.energy\/es\/#\/schema\/person\/9bad1f4f47252fc9132dd32a3275e902"},"headline":"Galileo pone en marcha su primer proyecto solar en Italia","datePublished":"2026-04-22T10:53:27+00:00","dateModified":"2026-04-23T08:58:06+00:00","mainEntityOfPage":{"@id":"https:\/\/galileo.energy\/es\/galileo-pone-en-marcha-su-primer-proyecto-solar-en-italia\/"},"wordCount":10,"publisher":{"@id":"https:\/\/galileo.energy\/es\/#organization"},"image":{"@id":"https:\/\/galileo.energy\/es\/galileo-pone-en-marcha-su-primer-proyecto-solar-en-italia\/#primaryimage"},"thumbnailUrl":"https:\/\/galileo.energy\/wp-content\/uploads\/2026\/04\/foto-01.png","articleSection":["COMUNICADO DE PRENSA"],"inLanguage":"es"},{"@type":"WebPage","@id":"https:\/\/galileo.energy\/es\/galileo-pone-en-marcha-su-primer-proyecto-solar-en-italia\/","url":"https:\/\/galileo.energy\/es\/galileo-pone-en-marcha-su-primer-proyecto-solar-en-italia\/","name":"Galileo pone en marcha su primer proyecto solar en Italia | Galileo Green Energy","isPartOf":{"@id":"https:\/\/galileo.energy\/es\/#website"},"primaryImageOfPage":{"@id":"https:\/\/galileo.energy\/es\/galileo-pone-en-marcha-su-primer-proyecto-solar-en-italia\/#primaryimage"},"image":{"@id":"https:\/\/galileo.energy\/es\/galileo-pone-en-marcha-su-primer-proyecto-solar-en-italia\/#primaryimage"},"thumbnailUrl":"https:\/\/galileo.energy\/wp-content\/uploads\/2026\/04\/foto-01.png","datePublished":"2026-04-22T10:53:27+00:00","dateModified":"2026-04-23T08:58:06+00:00","breadcrumb":{"@id":"https:\/\/galileo.energy\/es\/galileo-pone-en-marcha-su-primer-proyecto-solar-en-italia\/#breadcrumb"},"inLanguage":"es","potentialAction":[{"@type":"ReadAction","target":["https:\/\/galileo.energy\/es\/galileo-pone-en-marcha-su-primer-proyecto-solar-en-italia\/"]}]},{"@type":"ImageObject","inLanguage":"es","@id":"https:\/\/galileo.energy\/es\/galileo-pone-en-marcha-su-primer-proyecto-solar-en-italia\/#primaryimage","url":"https:\/\/galileo.energy\/wp-content\/uploads\/2026\/04\/foto-01.png","contentUrl":"https:\/\/galileo.energy\/wp-content\/uploads\/2026\/04\/foto-01.png","width":1536,"height":1024},{"@type":"BreadcrumbList","@id":"https:\/\/galileo.energy\/es\/galileo-pone-en-marcha-su-primer-proyecto-solar-en-italia\/#breadcrumb","itemListElement":[{"@type":"ListItem","position":1,"name":"Home","item":"https:\/\/galileo.energy\/es\/"},{"@type":"ListItem","position":2,"name":"Galileo pone en marcha su primer proyecto solar en Italia"}]},{"@type":"WebSite","@id":"https:\/\/galileo.energy\/es\/#website","url":"https:\/\/galileo.energy\/es\/","name":"Galileo Green Energy","description":"","publisher":{"@id":"https:\/\/galileo.energy\/es\/#organization"},"potentialAction":[{"@type":"SearchAction","target":{"@type":"EntryPoint","urlTemplate":"https:\/\/galileo.energy\/es\/?s={search_term_string}"},"query-input":"required name=search_term_string"}],"inLanguage":"es"},{"@type":"Organization","@id":"https:\/\/galileo.energy\/es\/#organization","name":"Galileo","url":"https:\/\/galileo.energy\/es\/","logo":{"@type":"ImageObject","inLanguage":"es","@id":"https:\/\/galileo.energy\/es\/#\/schema\/logo\/image\/","url":"https:\/\/galileo.energy\/wp-content\/uploads\/2022\/07\/Galileo-Branding.png","contentUrl":"https:\/\/galileo.energy\/wp-content\/uploads\/2022\/07\/Galileo-Branding.png","width":885,"height":453,"caption":"Galileo"},"image":{"@id":"https:\/\/galileo.energy\/es\/#\/schema\/logo\/image\/"}},{"@type":"Person","@id":"https:\/\/galileo.energy\/es\/#\/schema\/person\/9bad1f4f47252fc9132dd32a3275e902","name":"Simona Spaans","image":{"@type":"ImageObject","inLanguage":"es","@id":"https:\/\/galileo.energy\/es\/#\/schema\/person\/image\/","url":"https:\/\/secure.gravatar.com\/avatar\/a397745445e6c39c2c9ca2c68a4c8110?s=96&d=mm&r=g","contentUrl":"https:\/\/secure.gravatar.com\/avatar\/a397745445e6c39c2c9ca2c68a4c8110?s=96&d=mm&r=g","caption":"Simona Spaans"}}]}},"_links":{"self":[{"href":"https:\/\/galileo.energy\/es\/wp-json\/wp\/v2\/posts\/5568"}],"collection":[{"href":"https:\/\/galileo.energy\/es\/wp-json\/wp\/v2\/posts"}],"about":[{"href":"https:\/\/galileo.energy\/es\/wp-json\/wp\/v2\/types\/post"}],"author":[{"embeddable":true,"href":"https:\/\/galileo.energy\/es\/wp-json\/wp\/v2\/users\/12"}],"replies":[{"embeddable":true,"href":"https:\/\/galileo.energy\/es\/wp-json\/wp\/v2\/comments?post=5568"}],"version-history":[{"count":1,"href":"https:\/\/galileo.energy\/es\/wp-json\/wp\/v2\/posts\/5568\/revisions"}],"predecessor-version":[{"id":5569,"href":"https:\/\/galileo.energy\/es\/wp-json\/wp\/v2\/posts\/5568\/revisions\/5569"}],"wp:featuredmedia":[{"embeddable":true,"href":"https:\/\/galileo.energy\/es\/wp-json\/wp\/v2\/media\/5556"}],"wp:attachment":[{"href":"https:\/\/galileo.energy\/es\/wp-json\/wp\/v2\/media?parent=5568"}],"wp:term":[{"taxonomy":"category","embeddable":true,"href":"https:\/\/galileo.energy\/es\/wp-json\/wp\/v2\/categories?post=5568"},{"taxonomy":"post_tag","embeddable":true,"href":"https:\/\/galileo.energy\/es\/wp-json\/wp\/v2\/tags?post=5568"}],"curies":[{"name":"wp","href":"https:\/\/api.w.org\/{rel}","templated":true}]}}